{"id":12,"date":"2012-09-28T19:44:05","date_gmt":"2012-09-28T17:44:05","guid":{"rendered":"http:\/\/ekoolimpiada.net.pl\/?p=10"},"modified":"2012-09-28T19:44:05","modified_gmt":"2012-09-28T17:44:05","slug":"przed-finalem-centralnym-xxvii-owe","status":"publish","type":"post","link":"https:\/\/ekoolimpiada.pl\/?p=12","title":{"rendered":"Przed fina\u0142em centralnym XXVII OWE"},"content":{"rendered":"<p>Szanowni Finali\u015bci!<\/p>\n<p>Mi\u0142o nam poinformowa\u0107, \u017ce ju\u017c nied\u0142ugo spotykamy si\u0119 w Zielonej G\u00f3rze na finale centralnym XXVII Olimpiady Wiedzy Ekologicznej, kt\u00f3ry odb\u0119dzie si\u0119 w dniach 1-3 czerwca br.<br \/>\nZ satysfakcj\u0105 nale\u017cy stwierdzi\u0107, \u017ce uzyskali\u015bmy honorowy patronat Marsza\u0142ka Wojew\u00f3dztwa Lubuskiego.<br \/>\nJednocze\u015bnie z rado\u015bci\u0105 informujemy, \u017ce sponsorami tegorocznego fina\u0142u centralnego Olimpiady s\u0105\u00a0<strong>Kronopol Sp. z o.o., Viessmann oraz PGNiG.<!--more--><\/strong><br \/>\nW aktualnej edycji wzi\u0119\u0142o udzia\u0142 ponad 30 tysi\u0119cy uczni\u00f3w szk\u00f3\u0142 ponagimnazjalnych wszystkich typ\u00f3w w ca\u0142ym kraju. Tak wi\u0119c w pe\u0142ni czujecie si\u0119 szcz\u0119\u015bliwcami w\u015br\u00f3d grona najlepszych. Serdecznie wszystkim gratulujemy i trzymamy kciuki za ostatnie przygotowania do startu po indeks a\u017c 61 uczelni wy\u017cszych w Polsce, bez post\u0119powania kwalifikacyjnego, jaki jest najwa\u017cniejsz\u0105 nagrod\u0105 dla finalist\u00f3w i laureat\u00f3w!<br \/>\nPoni\u017cej znajduje si\u0119 ramowy program fina\u0142u.<br \/>\nDo zobaczenia w Lubuskim!<\/p>\n<p>Dr Ma\u0142gorzata Falencka-Jab\u0142o\u0144ska<br \/>\nPrzewodnicz\u0105ca G\u0142\u00f3wnego Komitetu<br \/>\nOlimpiady Wiedzy Ekologicznej<\/p>\n<p><strong>XXVII OLIMPIADA WIEDZY EKOLOGICZNEJ \u2013 FINA\u0141 CENTRALNY<br \/>\n1-3 czerwca 2012 r., Zielona G\u00f3ra<\/strong><\/p>\n<p><strong>1 czerwca \u2013 pi\u0105tek<\/strong><\/p>\n<p><strong>14.00-16.00<\/strong>\u00a0Rejestracja uczestnik\u00f3w z wojew\u00f3dztw:\u00a0<strong>kujawsko-pomorskiego, ma\u0142opolskiego i \u015bl\u0105skiego<\/strong>\u00a0w Internacie Zespo\u0142u Szk\u00f3\u0142 Og\u00f3lnokszta\u0142c\u0105cych i Sportowych w Zielonej G\u00f3rze ul. Wyspia\u0144skiego 25. Rejestracja uczestnik\u00f3w z pozosta\u0142ych wojew\u00f3dztw w Domu Studenckim \u201eZiemowit\u201d Kampus A, Budynek C-3, ul. Prof. Z. Szafrana 8<br \/>\n<strong>18.00-19.30<\/strong>\u00a0Kolacja<br \/>\n<strong>19.00-19.30<\/strong>\u00a0Spotkanie opiekun\u00f3w grup z organizatorami<\/p>\n<p><strong>2 czerwca \u2013 sobota<\/strong><\/p>\n<p><strong>7.00-8.00<\/strong>\u00a0\u015aniadanie<br \/>\n<strong>9.00-10.00<\/strong>\u00a0Uroczyste otwarcie fina\u0142u ( Sala Kolumnowa Urz\u0119du Marsza\u0142kowskiego ul. Podg\u00f3rna 7, 65 \u2013 057 Zielona G\u00f3ra)<br \/>\n<strong>10.15-11.15<\/strong>\u00a0Cz\u0119\u015b\u0107 pisemna Olimpiady<br \/>\n<strong>11.30-12.30<\/strong>\u00a0Sprawdzanie test\u00f3w przez jury OWE, przygotowanie si\u0119 do wycieczek przez uczestnik\u00f3w<br \/>\n<strong>12.45-13.00<\/strong>\u00a0Przeprowadzenie ewentualnej dogrywki<br \/>\n<strong>13.00-18.00<\/strong>\u00a0Zaj\u0119cia terenowe \u2013 O\u015brodek Edukacji Przyrodniczo-Le\u015bnej w Jeziorach Wysokich<br \/>\n<strong>19.30-20.30<\/strong>\u00a0Kolacja<br \/>\n<strong>21.00<\/strong>\u00a0EKOFORUM<\/p>\n<p><strong>3 czerwca \u2013 niedziela<\/strong><\/p>\n<p><strong>7.00-8.00<\/strong>\u00a0\u015aniadanie<br \/>\n<strong>9.00-13.00<\/strong>\u00a0Fina\u0142 ustny Olimpiady<br \/>\n<strong>13.00-13.30<\/strong>\u00a0Uroczyste wr\u0119czenie nagr\u00f3d finalistom i laureatom<br \/>\n<strong>14.00<\/strong>\u00a0Zako\u0144czenie fina\u0142u centralnego XXVII OWE, obiad i wyjazd uczestnik\u00f3w<\/p>\n","protected":false},"excerpt":{"rendered":"<p>Szanowni Finali\u015bci! Mi\u0142o nam poinformowa\u0107, \u017ce ju\u017c nied\u0142ugo spotykamy si\u0119 w Zielonej G\u00f3rze na finale centralnym XXVII Olimpiady Wiedzy Ekologicznej, kt\u00f3ry odb\u0119dzie si\u0119 w dniach 1-3 czerwca br. Z satysfakcj\u0105 nale\u017cy stwierdzi\u0107, \u017ce uzyskali\u015bmy honorowy patronat Marsza\u0142ka Wojew\u00f3dztwa Lubuskiego. Jednocze\u015bnie z rado\u015bci\u0105 informujemy, \u017ce sponsorami tegorocznego fina\u0142u centralnego Olimpiady s\u0105\u00a0Kronopol Sp. z o.o., Viessmann oraz [&hellip;]<\/p>\n","protected":false},"author":1,"featured_media":0,"comment_status":"open","ping_status":"open","sticky":false,"template":"","format":"standard","meta":{"footnotes":""},"categories":[2],"tags":[],"class_list":["post-12","post","type-post","status-publish","format-standard","hentry","category-aktualnosci"],"_links":{"self":[{"href":"https:\/\/ekoolimpiada.pl\/index.php?rest_route=\/wp\/v2\/posts\/12","targetHints":{"allow":["GET"]}}],"collection":[{"href":"https:\/\/ekoolimpiada.pl\/index.php?rest_route=\/wp\/v2\/posts"}],"about":[{"href":"https:\/\/ekoolimpiada.pl\/index.php?rest_route=\/wp\/v2\/types\/post"}],"author":[{"embeddable":true,"href":"https:\/\/ekoolimpiada.pl\/index.php?rest_route=\/wp\/v2\/users\/1"}],"replies":[{"embeddable":true,"href":"https:\/\/ekoolimpiada.pl\/index.php?rest_route=%2Fwp%2Fv2%2Fcomments&post=12"}],"version-history":[{"count":0,"href":"https:\/\/ekoolimpiada.pl\/index.php?rest_route=\/wp\/v2\/posts\/12\/revisions"}],"wp:attachment":[{"href":"https:\/\/ekoolimpiada.pl\/index.php?rest_route=%2Fwp%2Fv2%2Fmedia&parent=12"}],"wp:term":[{"taxonomy":"category","embeddable":true,"href":"https:\/\/ekoolimpiada.pl\/index.php?rest_route=%2Fwp%2Fv2%2Fcategories&post=12"},{"taxonomy":"post_tag","embeddable":true,"href":"https:\/\/ekoolimpiada.pl\/index.php?rest_route=%2Fwp%2Fv2%2Ftags&post=12"}],"curies":[{"name":"wp","href":"https:\/\/api.w.org\/{rel}","templated":true}]}}