{"id":1269,"date":"2022-04-05T18:08:48","date_gmt":"2022-04-05T16:08:48","guid":{"rendered":"http:\/\/ekoolimpiada.net.pl\/?p=1269"},"modified":"2022-04-05T18:08:48","modified_gmt":"2022-04-05T16:08:48","slug":"szanowni-panstwo-sympatycy-olimpiady-wiedzy-ekologicznej-5","status":"publish","type":"post","link":"https:\/\/ekoolimpiada.pl\/?p=1269","title":{"rendered":"Szanowni Pa\u0144stwo, Sympatycy Olimpiady Wiedzy Ekologicznej!"},"content":{"rendered":"\n<p>Mi\u0142o nam przypomnie\u0107, \u017ce ju\u017c w najbli\u017csz\u0105 sobot\u0119 tj. <strong>9 kwietnia o godz. 10:00<\/strong> w ca\u0142ym kraju nasza m\u0142odzie\u017c olimpijska zmierzy si\u0119 z testem etapu okr\u0119gowego XXXVII edycji Olimpiady.<\/p>\n\n\n\n<p>Wierzymy, \u017ce ta pr\u00f3ba sprawdzenia swej wiedzy przyrodniczej wypadnie dla wszystkich startuj\u0105cych pomy\u015blnie. Dlatego ju\u017c dzi\u015b mocno trzymamy za Was kciuki i \u017cyczymy satysfakcji z osi\u0105gni\u0119tego sukcesu!<\/p>\n\n\n\n<p>W obecnie dynamicznie zmieniaj\u0105cej si\u0119 sytuacji, G\u0142\u00f3wny Komitet Olimpiady Wiedzy Ekologicznej rozwa\u017ca mo\u017cliwo\u015b\u0107 przeprowadzenia fina\u0142u centralnego w czerwcu w formie jednodniowej. O decyzjach, kt\u00f3re zapadn\u0105 w najbli\u017cszym czasie, po uzgodnieniach z Ministerstwem Edukacji i Nauki, b\u0119dziemy informowa\u0107 wszystkich zainteresowanych na bie\u017c\u0105co.<\/p>\n\n\n\n<p>Pozdrawiamy serdecznie wszystkich m\u0142odych przyrodnik\u00f3w \u017cycz\u0105c powodzenia<\/p>\n\n\n\n<p class=\"has-text-align-right\"><strong>W imieniu G\u0142\u00f3wnego\nKomitetu OWE<\/strong><\/p>\n\n\n\n<p class=\"has-text-align-right\"><strong>Przewodnicz\u0105ca dr Ma\u0142gorzata Falencka-Jab\u0142o\u0144ska<\/strong><\/p>\n\n\n\n<p class=\"has-text-align-right\"> <strong>Warszawa, dnia 5 kwietnia 2022 r.<\/strong> <\/p>\n\n\n\n<p><\/p>\n","protected":false},"excerpt":{"rendered":"<p>Mi\u0142o nam przypomnie\u0107, \u017ce ju\u017c w najbli\u017csz\u0105 sobot\u0119 tj. 9 kwietnia o godz. 10:00 w ca\u0142ym kraju nasza m\u0142odzie\u017c olimpijska zmierzy si\u0119 z testem etapu okr\u0119gowego XXXVII edycji Olimpiady. Wierzymy, \u017ce ta pr\u00f3ba sprawdzenia swej wiedzy przyrodniczej wypadnie dla wszystkich startuj\u0105cych pomy\u015blnie. Dlatego ju\u017c dzi\u015b mocno trzymamy za Was kciuki i \u017cyczymy satysfakcji z osi\u0105gni\u0119tego [&hellip;]<\/p>\n","protected":false},"author":1,"featured_media":0,"comment_status":"open","ping_status":"open","sticky":false,"template":"","format":"standard","meta":{"footnotes":""},"categories":[2],"tags":[],"class_list":["post-1269","post","type-post","status-publish","format-standard","hentry","category-aktualnosci"],"_links":{"self":[{"href":"https:\/\/ekoolimpiada.pl\/index.php?rest_route=\/wp\/v2\/posts\/1269","targetHints":{"allow":["GET"]}}],"collection":[{"href":"https:\/\/ekoolimpiada.pl\/index.php?rest_route=\/wp\/v2\/posts"}],"about":[{"href":"https:\/\/ekoolimpiada.pl\/index.php?rest_route=\/wp\/v2\/types\/post"}],"author":[{"embeddable":true,"href":"https:\/\/ekoolimpiada.pl\/index.php?rest_route=\/wp\/v2\/users\/1"}],"replies":[{"embeddable":true,"href":"https:\/\/ekoolimpiada.pl\/index.php?rest_route=%2Fwp%2Fv2%2Fcomments&post=1269"}],"version-history":[{"count":0,"href":"https:\/\/ekoolimpiada.pl\/index.php?rest_route=\/wp\/v2\/posts\/1269\/revisions"}],"wp:attachment":[{"href":"https:\/\/ekoolimpiada.pl\/index.php?rest_route=%2Fwp%2Fv2%2Fmedia&parent=1269"}],"wp:term":[{"taxonomy":"category","embeddable":true,"href":"https:\/\/ekoolimpiada.pl\/index.php?rest_route=%2Fwp%2Fv2%2Fcategories&post=1269"},{"taxonomy":"post_tag","embeddable":true,"href":"https:\/\/ekoolimpiada.pl\/index.php?rest_route=%2Fwp%2Fv2%2Ftags&post=1269"}],"curies":[{"name":"wp","href":"https:\/\/api.w.org\/{rel}","templated":true}]}}