{"id":1772,"date":"2025-02-28T11:43:23","date_gmt":"2025-02-28T10:43:23","guid":{"rendered":"http:\/\/ekoolimpiada.net.pl\/?p=1772"},"modified":"2025-02-28T11:43:23","modified_gmt":"2025-02-28T10:43:23","slug":"szanowni-uczestnicy-xl-olimpiady-wiedzy-ekologicznej","status":"publish","type":"post","link":"https:\/\/ekoolimpiada.pl\/?p=1772","title":{"rendered":"Szanowni Uczestnicy XL Olimpiady Wiedzy Ekologicznej!"},"content":{"rendered":"\n<p>Mi\u0142o nam poinformowa\u0107, \u017ce ju\u017c za 36 dni sprawdzicie\nsw\u0105 wiedz\u0119 \u015brodowiskow\u0105 na etapie okr\u0119gowym, Jubileuszowej edycji naszej\nOlimpiady. Wierzymy, \u017ce Wasze przygotowanie zaowocuje sukcesem, a najlepsi b\u0119d\u0105\npodziwia\u0107 pi\u0119kno Ma\u0142opolski na finale centralnym, ju\u017c w czerwcu. B\u0119dzie on\nszczeg\u00f3lny, pe\u0142en atrakcji i niespodzianek, jak przysta\u0142o na Czterdziestolatka!<\/p>\n\n\n\n<p>Poni\u017cej podajemy adresy, gdzie odb\u0119dzie si\u0119 etap okr\u0119gowy, w danym wojew\u00f3dztwie:<br><\/p>\n\n\n\n<p><strong>Adresy lokalizacji etapu okr\u0119gowego XL\nOlimpiady Wiedzy Ekologicznej w dniu 5 kwietnia 2025 r.<\/strong><\/p>\n\n\n\n<p><strong>Woj. dolno\u015bl\u0105skie<br><\/strong>Liceum Og\u00f3lnokszta\u0142c\u0105ce nr II im. Piast\u00f3w \u015al\u0105skich z Oddzia\u0142ami Mistrzostwa Sportowego\u00a0, ul. Parkowa 18-26, Wroc\u0142aw.<\/p>\n\n\n\n<p><strong>Woj. kujawsko-pomorskie<br><\/strong>Wy\u017csza Szko\u0142a Zarz\u0105dzania \u015arodowiskiem , ul. Pocztowa 13, Tuchola.<\/p>\n\n\n\n<p><strong>Woj. lubelskie<br><\/strong>Wydzia\u0142 Nauk o Ziemi i Gospodarki Przestrzennej Uniwersytet im. Marii Curie-Sk\u0142odowskiej, Al. Kra\u015bnicka 2D, Lublin.<\/p>\n\n\n\n<p><strong>Woj. lubuskie<br><\/strong>Instytut Nauk Biologicznych Uniwersytetu Zielonog\u00f3rskiego, Budynek A-8, (sala nr 115), ul. Szafrana 1, Zielona G\u00f3ra.<\/p>\n\n\n\n<p><strong>Woj. \u0142\u00f3dzkie<br><\/strong>Gmach Biologii (nowy budynek) aula Uniwersytetu \u0141\u00f3dzkiego, ul. Banacha 1\/3, \u0141\u00f3d\u017a. <\/p>\n\n\n\n<p><strong>Woj. ma\u0142opolskie<br><\/strong>Wydzia\u0142 Biotechnologii i Ogrodnictwa Uniwersytetu Rolniczego (sala nr 130), Al. 29-go Listopada 54, Krak\u00f3w.<\/p>\n\n\n\n<p><strong>Woj. mazowieckie<br><\/strong>Regionalna Dyrekcja Las\u00f3w Pa\u0144stwowych, ul. 25 Czerwca 68, Radom.<\/p>\n\n\n\n<p><strong>Woj. opolskie<br><\/strong> COLLEGIUM POLYTECHNICUM, ul. Obro\u0144c\u00f3w Tobruku 5, Nysa.<\/p>\n\n\n\n<p><strong>Woj. podkarpackie<br><\/strong>Pa\u0144stwowa Akademia Nauk Stosowanych ul. Dmochowskiego 12, Krosno. Wjazd na parking od ul. ks. Zawrzyckiego<strong>.<\/strong><\/p>\n\n\n\n<p><strong>Woj. podlaskie<br><\/strong>Urz\u0105d Marsza\u0142kowski Wojew\u00f3dztwa Podlaskiego, ul. Kard. Wyszy\u0144skiego 1 (sala 115), Bia\u0142ystok.<\/p>\n\n\n\n<p><strong>Woj. pomorskie<\/strong><br>Wydzia\u0142 Biologii Uniwersytetu Gda\u0144skiego ul. Wita Stwosza 59, Gda\u0144sk.<\/p>\n\n\n\n<p><strong>Woj. \u015bl\u0105skie<br><\/strong>Instytut Biologii, Biotechnologii i Ochrony \u015arodowiska Uniwersytet \u015al\u0105ski, ul. Bankowa 9, Katowice.<\/p>\n\n\n\n<p><strong>Woj. \u015bwi\u0119tokrzyskie<br><\/strong>Europejski Instytut Kszta\u0142cenia Podyplomowego, ul. Rzeczna 2, Kielce<strong>.<\/strong><\/p>\n\n\n\n<p><strong>Woj. warmi\u0144sko-mazurskie<br><\/strong>Wydzia\u0142 Biologii i Biotechnologii Uniwersytetu Warmi\u0144sko-Mazurskiego,<br>ul. Oczapowskiego 1 A, (sala P13) , Olsztyn.<\/p>\n\n\n\n<p><strong>Woj. wielkopolskie<br><\/strong>Urz\u0105d Marsza\u0142kowski Wojew\u00f3dztwa Wielkopolskiego (Sala Sesyjna),<br>Al. Niepodleg\u0142o\u015bci 34, Pozna\u0144.<\/p>\n\n\n\n<p><strong>Woj. zachodniopomorskie<br><\/strong>Urz\u0105d Marsza\u0142kowski Wojew\u00f3dztwa Zachodniopomorskiego (sala Delfin), ul. Marsza\u0142ka J\u00f3zefa Pi\u0142sudskiego 40, Szczecin.<\/p>\n\n\n\n<p> Trzymamy za Was mocno kciuki i \u017cyczymy du\u017co s\u0142o\u0144ca i pogody ducha! <\/p>\n\n\n\n<p><\/p>\n\n\n\n<p class=\"has-text-align-right\"> <strong>W imieniu G\u0142\u00f3wnego Komitetu OWE<br> Przewodnicz\u0105ca dr Ma\u0142gorzata Falencka-Jab\u0142o\u0144ska<\/strong><br><strong> Warszawa, dnia 28 lutego 2025 r<\/strong>.<\/p>\n","protected":false},"excerpt":{"rendered":"<p>Mi\u0142o nam poinformowa\u0107, \u017ce ju\u017c za 36 dni sprawdzicie sw\u0105 wiedz\u0119 \u015brodowiskow\u0105 na etapie okr\u0119gowym, Jubileuszowej edycji naszej Olimpiady. Wierzymy, \u017ce Wasze przygotowanie zaowocuje sukcesem, a najlepsi b\u0119d\u0105 podziwia\u0107 pi\u0119kno Ma\u0142opolski na finale centralnym, ju\u017c w czerwcu. B\u0119dzie on szczeg\u00f3lny, pe\u0142en atrakcji i niespodzianek, jak przysta\u0142o na Czterdziestolatka! Poni\u017cej podajemy adresy, gdzie odb\u0119dzie si\u0119 etap [&hellip;]<\/p>\n","protected":false},"author":1,"featured_media":0,"comment_status":"open","ping_status":"open","sticky":false,"template":"","format":"standard","meta":{"footnotes":""},"categories":[2],"tags":[],"class_list":["post-1772","post","type-post","status-publish","format-standard","hentry","category-aktualnosci"],"_links":{"self":[{"href":"https:\/\/ekoolimpiada.pl\/index.php?rest_route=\/wp\/v2\/posts\/1772","targetHints":{"allow":["GET"]}}],"collection":[{"href":"https:\/\/ekoolimpiada.pl\/index.php?rest_route=\/wp\/v2\/posts"}],"about":[{"href":"https:\/\/ekoolimpiada.pl\/index.php?rest_route=\/wp\/v2\/types\/post"}],"author":[{"embeddable":true,"href":"https:\/\/ekoolimpiada.pl\/index.php?rest_route=\/wp\/v2\/users\/1"}],"replies":[{"embeddable":true,"href":"https:\/\/ekoolimpiada.pl\/index.php?rest_route=%2Fwp%2Fv2%2Fcomments&post=1772"}],"version-history":[{"count":0,"href":"https:\/\/ekoolimpiada.pl\/index.php?rest_route=\/wp\/v2\/posts\/1772\/revisions"}],"wp:attachment":[{"href":"https:\/\/ekoolimpiada.pl\/index.php?rest_route=%2Fwp%2Fv2%2Fmedia&parent=1772"}],"wp:term":[{"taxonomy":"category","embeddable":true,"href":"https:\/\/ekoolimpiada.pl\/index.php?rest_route=%2Fwp%2Fv2%2Fcategories&post=1772"},{"taxonomy":"post_tag","embeddable":true,"href":"https:\/\/ekoolimpiada.pl\/index.php?rest_route=%2Fwp%2Fv2%2Ftags&post=1772"}],"curies":[{"name":"wp","href":"https:\/\/api.w.org\/{rel}","templated":true}]}}