{"id":2037,"date":"2026-04-30T13:49:16","date_gmt":"2026-04-30T11:49:16","guid":{"rendered":"https:\/\/ekoolimpiada.pl\/?p=2037"},"modified":"2026-04-30T13:50:12","modified_gmt":"2026-04-30T11:50:12","slug":"szanowni-panstwo-sympatycy-olimpiady-wiedzy-ekologicznej-17","status":"publish","type":"post","link":"https:\/\/ekoolimpiada.pl\/?p=2037","title":{"rendered":"Szanowni Pa\u0144stwo, Sympatycy Olimpiady Wiedzy Ekologicznej"},"content":{"rendered":"\n<p><strong>\u015amier\u0107 nie jest kresem naszego istnienia-\u017cyjemy w naszych dzieciach i nast\u0119pnych pokoleniach. Albowiem oni to dalej my, a nasze cia\u0142a to tylko zwi\u0119d\u0142e li\u015bcie na drzewie \u017cycia<\/strong><\/p>\n\n\n\n<p><strong>&nbsp;&nbsp;&nbsp;&nbsp;&nbsp;&nbsp;&nbsp;&nbsp;&nbsp;&nbsp;&nbsp;&nbsp;&nbsp;&nbsp;&nbsp;&nbsp;&nbsp;&nbsp;&nbsp;&nbsp;&nbsp;&nbsp;&nbsp;&nbsp;&nbsp;&nbsp;&nbsp;&nbsp;&nbsp;&nbsp;&nbsp;&nbsp;&nbsp;&nbsp;&nbsp;&nbsp;&nbsp;&nbsp;&nbsp;&nbsp;&nbsp;&nbsp;&nbsp;&nbsp;&nbsp;&nbsp;&nbsp;&nbsp;&nbsp;&nbsp;&nbsp;&nbsp;&nbsp;&nbsp;&nbsp;&nbsp;&nbsp;&nbsp;&nbsp;&nbsp;&nbsp;&nbsp;&nbsp;&nbsp;&nbsp;&nbsp;&nbsp;&nbsp;&nbsp;&nbsp;&nbsp;&nbsp;&nbsp;&nbsp;&nbsp;&nbsp;&nbsp;&nbsp;&nbsp;&nbsp;&nbsp;&nbsp;&nbsp;&nbsp;&nbsp;&nbsp;&nbsp;&nbsp;&nbsp;&nbsp;&nbsp;&nbsp;&nbsp;&nbsp;&nbsp;&nbsp;&nbsp;&nbsp;&nbsp;&nbsp;&nbsp;&nbsp;&nbsp;&nbsp;&nbsp;&nbsp;&nbsp;&nbsp;&nbsp;&nbsp;&nbsp;&nbsp;&nbsp;&nbsp;&nbsp;&nbsp;&nbsp;&nbsp;&nbsp;&nbsp;&nbsp;&nbsp;&nbsp;&nbsp;&nbsp;&nbsp;&nbsp;&nbsp; Albert Einstein<\/strong><\/p>\n\n\n\n<p>G\u0142\u00f3wny Komitet Olimpiady Wiedzy Ekologicznej z g\u0142\u0119bokim smutkiem pragnie poinformowa\u0107 wszystkich , \u017ce z zacnego grona prawdziwych dydaktyk\u00f3w przyrody odesz\u0142a <strong>Alina Plis<\/strong>&nbsp; od wielu lat &nbsp;szczeg\u00f3lnie zaanga\u017cowana w przygotowanie swych uczni\u00f3w do kolejnych edycji naszej Olimpiady. To w\u0142a\u015bnie dzi\u0119ki Niej i Jej &nbsp;troskliwej opiece merytorycznej, \u015bwi\u0119cili swoje cz\u0119ste triumfy. Ostatnio, zwyci\u0119zc\u0105 XXXVIII edycji Olimpiady zosta\u0142 <strong>Damian <\/strong><strong>Iwaniuk<\/strong> w\u0142a\u015bnie Jej podopieczny (<strong>fot. 1<\/strong> \u2013 po \u015brodku jest pierwsza od lewej strony w towarzystwie Agnieszki Kowalewskiej Przewodnicz\u0105cej KW OWE i ca\u0142ej mocnej ekipy woj. podlaskiego)<\/p>\n\n\n\n<figure class=\"wp-block-image size-large\"><img loading=\"lazy\" decoding=\"async\" width=\"1024\" height=\"707\" src=\"https:\/\/ekoolimpiada.pl\/wp-content\/uploads\/2026\/04\/Fot.1-1-1024x707.jpg\" alt=\"\" class=\"wp-image-2039\" srcset=\"https:\/\/ekoolimpiada.pl\/wp-content\/uploads\/2026\/04\/Fot.1-1-1024x707.jpg 1024w, https:\/\/ekoolimpiada.pl\/wp-content\/uploads\/2026\/04\/Fot.1-1-300x207.jpg 300w, https:\/\/ekoolimpiada.pl\/wp-content\/uploads\/2026\/04\/Fot.1-1-768x531.jpg 768w, https:\/\/ekoolimpiada.pl\/wp-content\/uploads\/2026\/04\/Fot.1-1-1536x1061.jpg 1536w, https:\/\/ekoolimpiada.pl\/wp-content\/uploads\/2026\/04\/Fot.1-1-2048x1415.jpg 2048w\" sizes=\"auto, (max-width: 1024px) 100vw, 1024px\" \/><\/figure>\n\n\n\n<p><\/p>\n\n\n\n<p><\/p>\n\n\n\n<p><strong>Sama&nbsp; do nas w czasie pandemii, tak napisa\u0142a<\/strong>:<\/p>\n\n\n\n<p>Dr Ma\u0142gorzata Falencka-Jab\u0142o\u0144ska , Przewodnicz\u0105ca G\u0142\u00f3wnego Komitetu OWE<\/p>\n\n\n\n<p><em>Dzie\u0144 dobry,<\/em><\/p>\n\n\n\n<p><em>&nbsp;&nbsp;&nbsp;&nbsp;&nbsp;&nbsp;&nbsp;&nbsp;&nbsp; Serdecznie dzi\u0119kuj\u0119 za kolejn\u0105 &nbsp;XXXVI Olimpiad\u0119 Wiedzy Ekologicznej a szczeg\u00f3lnie za to, \u017ce mimo pandemicznych okoliczno\u015bci&nbsp; potrafili\u015bcie znale\u017a\u0107 now\u0105 formu\u0142\u0119 i wy\u0142oni\u0107 finalist\u00f3w i laureat\u00f3w. Co prawda, ucze\u0144 z mojego liceum nie zosta\u0142 laureatem ale bardzo wysoko ceni\u0119 mo\u017cliwo\u015b\u0107&nbsp; indywidualnej pracy z uczniem podczas przygotowania&nbsp;pracy badawczej.&nbsp;<\/em><\/p>\n\n\n\n<p><em>&nbsp;&nbsp;&nbsp;&nbsp;&nbsp;&nbsp;&nbsp;&nbsp; Co prawda wszyscy liczymy na powr\u00f3t do tzw. normalno\u015bci&nbsp; , to osobi\u015bcie uwa\u017cam , \u017ce praca badawcza to r\u00f3wnie\u017c bardzo cenna forma pracy. Zar\u00f3wno w roku ubieg\u0142ym jak i w roku bie\u017c\u0105cym zaproponowali\u015bcie na tyle ciekawe tematy, \u017ce powsta\u0142y ciekawe&nbsp; prace badawcze.<\/em><\/p>\n\n\n\n<p><em>&nbsp;&nbsp;&nbsp;&nbsp;&nbsp;&nbsp;&nbsp; Chcia\u0142am r\u00f3wnie\u017c wyrazi\u0107 uznanie za organizacj\u0119 podsumowania olimpiady przez komitet wojew\u00f3dzki&nbsp; woj. podlaskiego. Pani .Agnieszka Kowalewska i&nbsp; Pani. Renata \u0141api\u0144ska&nbsp;z Departamentu Ochrony \u015arodowiska Urz\u0119du Marsza\u0142kowskiego jak zwykle, przygotowa\u0142y wspania\u0142e&nbsp; podsumowanie.&nbsp;<\/em><\/p>\n\n\n\n<p><em>&nbsp;&nbsp;&nbsp;&nbsp;&nbsp;&nbsp; &nbsp;&nbsp;&nbsp;&nbsp;&nbsp;Co prawda jest mi troch\u0119 niezr\u0119cznie pisa\u0107&nbsp; o tym poniewa\u017c m\u00f3j ucze\u0144 uzyska\u0142&nbsp;pierwsze miejsce za prac\u0119 badawcz\u0105 ale&nbsp; &nbsp;chcia\u0142am napisa\u0107 do&nbsp; Pani i podzi\u0119kowa\u0107, \u017ce&nbsp; OWE potrafi stan\u0105\u0107 na wysoko\u015bci zadania w ka\u017cdej sytuacji a to pewnie dlatego, \u017ce&nbsp; przy organizacji pracuj\u0105 naprawd\u0119&nbsp; niezwykli ludzie.<\/em><\/p>\n\n\n\n<p><em>&nbsp;Serdecznie&nbsp;dzi\u0119kuj\u0119&nbsp;<\/em><\/p>\n\n\n\n<p><strong>Alina Plis<\/strong> &#8211; II LO z Dodatkow\u0105 Nauk\u0105 J\u0119zyka Bia\u0142oruskiego w Hajn\u00f3wce&nbsp;<\/p>\n\n\n\n<p>Hajn\u00f3wka, dnia 21 czerwca 2021 r.<\/p>\n\n\n\n<p>Z okazji Jubileuszu XL-lecia Olimpiady w&nbsp; 2025 r. <strong>Alina Plis<\/strong>&nbsp; zosta\u0142a uhonorowana przez&nbsp; &nbsp;&nbsp;Departament Ochrony \u015arodowiska Urz\u0119du Marsza\u0142kowskiego Wojew\u00f3dztwa&nbsp; Podlaskiego&nbsp; nagrod\u0105 i&nbsp; tytu\u0142em&nbsp; \u201eNAUCZYCIELA WYBITNEGO<strong>\u201d<\/strong> za przygotowanie najwi\u0119kszej liczby&nbsp; uczestnik\u00f3w etapu centralnego w ostatnim 10-leciu (<strong>fot. 2<\/strong> &#8211; w towarzystwie Janusza Bobika \u2013 Dyrektora Departamentu Ochrony \u015arodowiska Urz\u0119du Marsza\u0142kowskiego Woj. Podlaskiego oraz jego zast\u0119pczyni \u2013 Anny Radziejewskiej).<\/p>\n\n\n\n<figure class=\"wp-block-image size-large\"><img loading=\"lazy\" decoding=\"async\" width=\"1024\" height=\"768\" src=\"https:\/\/ekoolimpiada.pl\/wp-content\/uploads\/2026\/04\/Fot.2-1024x768.jpg\" alt=\"\" class=\"wp-image-2040\" srcset=\"https:\/\/ekoolimpiada.pl\/wp-content\/uploads\/2026\/04\/Fot.2-1024x768.jpg 1024w, https:\/\/ekoolimpiada.pl\/wp-content\/uploads\/2026\/04\/Fot.2-300x225.jpg 300w, https:\/\/ekoolimpiada.pl\/wp-content\/uploads\/2026\/04\/Fot.2-768x576.jpg 768w, https:\/\/ekoolimpiada.pl\/wp-content\/uploads\/2026\/04\/Fot.2-1536x1152.jpg 1536w, https:\/\/ekoolimpiada.pl\/wp-content\/uploads\/2026\/04\/Fot.2-2048x1536.jpg 2048w\" sizes=\"auto, (max-width: 1024px) 100vw, 1024px\" \/><\/figure>\n\n\n\n<p>By\u0142a zawsze u\u015bmiechni\u0119ta, pe\u0142na&nbsp; optymizmu, ciep\u0142a i rado\u015bci , taka te\u017c pozostanie na zawsze w naszych my\u015blach i sercach!<\/p>\n\n\n\n<p><\/p>\n\n\n\n<p class=\"has-text-align-right\">W imieniu G\u0142\u00f3wnego Komitetu OWE<br>Przewodnicz\u0105ca Dr Ma\u0142gorzata Falencka-Jab\u0142o\u0144ska<br>Warszawa, dnia 29 kwietnia 2026 r.<\/p>\n","protected":false},"excerpt":{"rendered":"<p>\u015amier\u0107 nie jest kresem naszego istnienia-\u017cyjemy w naszych dzieciach i nast\u0119pnych pokoleniach. Albowiem oni to dalej my, a nasze cia\u0142a to tylko zwi\u0119d\u0142e li\u015bcie na drzewie \u017cycia &nbsp;&nbsp;&nbsp;&nbsp;&nbsp;&nbsp;&nbsp;&nbsp;&nbsp;&nbsp;&nbsp;&nbsp;&nbsp;&nbsp;&nbsp;&nbsp;&nbsp;&nbsp;&nbsp;&nbsp;&nbsp;&nbsp;&nbsp;&nbsp;&nbsp;&nbsp;&nbsp;&nbsp;&nbsp;&nbsp;&nbsp;&nbsp;&nbsp;&nbsp;&nbsp;&nbsp;&nbsp;&nbsp;&nbsp;&nbsp;&nbsp;&nbsp;&nbsp;&nbsp;&nbsp;&nbsp;&nbsp;&nbsp;&nbsp;&nbsp;&nbsp;&nbsp;&nbsp;&nbsp;&nbsp;&nbsp;&nbsp;&nbsp;&nbsp;&nbsp;&nbsp;&nbsp;&nbsp;&nbsp;&nbsp;&nbsp;&nbsp;&nbsp;&nbsp;&nbsp;&nbsp;&nbsp;&nbsp;&nbsp;&nbsp;&nbsp;&nbsp;&nbsp;&nbsp;&nbsp;&nbsp;&nbsp;&nbsp;&nbsp;&nbsp;&nbsp;&nbsp;&nbsp;&nbsp;&nbsp;&nbsp;&nbsp;&nbsp;&nbsp;&nbsp;&nbsp;&nbsp;&nbsp;&nbsp;&nbsp;&nbsp;&nbsp;&nbsp;&nbsp;&nbsp;&nbsp;&nbsp;&nbsp;&nbsp;&nbsp;&nbsp;&nbsp;&nbsp;&nbsp;&nbsp;&nbsp;&nbsp;&nbsp;&nbsp;&nbsp;&nbsp;&nbsp;&nbsp;&nbsp;&nbsp;&nbsp;&nbsp;&nbsp; Albert Einstein G\u0142\u00f3wny Komitet Olimpiady Wiedzy Ekologicznej z g\u0142\u0119bokim smutkiem pragnie poinformowa\u0107 wszystkich , \u017ce z zacnego grona prawdziwych dydaktyk\u00f3w przyrody odesz\u0142a Alina Plis&nbsp; od wielu lat [&hellip;]<\/p>\n","protected":false},"author":1,"featured_media":0,"comment_status":"closed","ping_status":"","sticky":false,"template":"","format":"standard","meta":{"footnotes":""},"categories":[1],"tags":[],"class_list":["post-2037","post","type-post","status-publish","format-standard","hentry","category-bez-kategorii"],"_links":{"self":[{"href":"https:\/\/ekoolimpiada.pl\/index.php?rest_route=\/wp\/v2\/posts\/2037","targetHints":{"allow":["GET"]}}],"collection":[{"href":"https:\/\/ekoolimpiada.pl\/index.php?rest_route=\/wp\/v2\/posts"}],"about":[{"href":"https:\/\/ekoolimpiada.pl\/index.php?rest_route=\/wp\/v2\/types\/post"}],"author":[{"embeddable":true,"href":"https:\/\/ekoolimpiada.pl\/index.php?rest_route=\/wp\/v2\/users\/1"}],"replies":[{"embeddable":true,"href":"https:\/\/ekoolimpiada.pl\/index.php?rest_route=%2Fwp%2Fv2%2Fcomments&post=2037"}],"version-history":[{"count":2,"href":"https:\/\/ekoolimpiada.pl\/index.php?rest_route=\/wp\/v2\/posts\/2037\/revisions"}],"predecessor-version":[{"id":2042,"href":"https:\/\/ekoolimpiada.pl\/index.php?rest_route=\/wp\/v2\/posts\/2037\/revisions\/2042"}],"wp:attachment":[{"href":"https:\/\/ekoolimpiada.pl\/index.php?rest_route=%2Fwp%2Fv2%2Fmedia&parent=2037"}],"wp:term":[{"taxonomy":"category","embeddable":true,"href":"https:\/\/ekoolimpiada.pl\/index.php?rest_route=%2Fwp%2Fv2%2Fcategories&post=2037"},{"taxonomy":"post_tag","embeddable":true,"href":"https:\/\/ekoolimpiada.pl\/index.php?rest_route=%2Fwp%2Fv2%2Ftags&post=2037"}],"curies":[{"name":"wp","href":"https:\/\/api.w.org\/{rel}","templated":true}]}}