{"id":358,"date":"2016-05-30T11:24:04","date_gmt":"2016-05-30T09:24:04","guid":{"rendered":"http:\/\/ekoolimpiada.net.pl\/?p=358"},"modified":"2016-05-30T11:24:04","modified_gmt":"2016-05-30T09:24:04","slug":"przed-finalem-centralnym-xxxi-olimpiady","status":"publish","type":"post","link":"https:\/\/ekoolimpiada.pl\/?p=358","title":{"rendered":"Przed fina\u0142em centralnym XXXI Olimpiady"},"content":{"rendered":"<p><strong>Szanowni Finali\u015bci, Przyjaciele i Sympatycy naszej Olimpiady!<\/strong><\/p>\n<p>Milo nam poinformowa\u0107, \u017ce ju\u017c za kilka dni najlepsi z najlepszych spotykaj\u0105 si\u0119 w Krakowie,<\/p>\n<p>na finale centralnym XXXI Olimpiady Wiedzy Ekologicznej.<\/p>\n<p>Jest to dla nas wszystkich ogromne \u015bwi\u0119to, bo Koordynatorem tego trudnego<\/p>\n<p>przedsi\u0119wzi\u0119cia jest nasz finalista XI i XIII edycji- Pan Piotr Pietrusiak \u2013obecnie Zast\u0119pca<\/p>\n<p>Dyrektora Departamentu \u015arodowiska Urz\u0119du Marsza\u0142kowskiego Wojew\u00f3dztwa<\/p>\n<p>Ma\u0142opolskiego. Ogromna to dla nas rado\u015b\u0107 i satysfakcja, \u017ce nasza rodzina olimpijska ma tak<\/p>\n<p>wspania\u0142ych ludzi, kt\u00f3rzy juz za chwil\u0119 b\u0119d\u0105 naszymi nast\u0119pcami.<\/p>\n<p><!--more-->Poni\u017cej przedstawiamy Pa\u0144stwu szczeg\u00f3\u0142owy program przebiegu fina\u0142u centralnego w dniach<\/p>\n<p>3-5 czerwca br., kt\u00f3ry zapowiada si\u0119 wyj\u0105tkowo atrakcyjnie!<\/p>\n<p><strong><a href=\"http:\/\/ekoolimpiada.net.pl\/?attachment_id=360\" rel=\"attachment wp-att-360\">Program XXXI OWE Krak\u00f3w<\/a><\/strong><\/p>\n<p>Jednocze\u015bnie prezentujemy aktualn\u0105 list\u0119 wy\u017cszych uczelni publicznych, kt\u00f3rych senaty<\/p>\n<p>podj\u0119\u0142y uchwa\u0142y o przyjmowaniu naszych finalist\u00f3w i laureat\u00f3w bez post\u0119powania<\/p>\n<p>kwalifikacyjnego na najbardziej popularne kierunki studi\u00f3w. Cieszy nas bardzo fakt, \u017ce do<\/p>\n<p>grona tych uczelni systematycznie do\u0142\u0105czaj\u0105 Uniwersytety Medyczne, gwarantuj\u0105ce naszym<\/p>\n<p>finalistom i laureatom ju\u017c \u201ena wej\u015bciu\u201d znaczn\u0105 sum\u0119 dodatkowych punkt\u00f3w.<\/p>\n<p><strong>30<\/strong><\/p>\n<p>Mamy przyjemno\u015b\u0107 r\u00f3wnie\u017c poinformowa\u0107 Pa\u0144stwa, \u017ce nasza Olimpiada przesz\u0142a pomy\u015blnie<\/p>\n<p>przez kolejny ostry konkurs Ministerstwa Edukacji Narodowej uzyskuj\u0105c 5 lokat\u0119 w punktacji<\/p>\n<p>merytorycznej. W kolejnych 3 latach tzn. 2016\/2017, 2017\/2018, 2018\/2019 otrzymamy<\/p>\n<p>dotacj\u0119, niestety w wysoko\u015bci po\u0142owy wnioskowanych przez nas koszt\u00f3w, tego istotnego dla<\/p>\n<p>m\u0142odych przyrodnik\u00f3w przedsi\u0119wzi\u0119cia.<\/p>\n<p>\u017bycz\u0105c wszystkim finalistom super wynik\u00f3w, \u0142\u0105czymy serdeczne pozdrowienia i do<\/p>\n<p>zobaczenia w s\u0142onecznym Krakowie!<\/p>\n<p style=\"text-align: right;\">Dr Malgorzata Falencka-Jab\u0142o\u0144ska- Przewodnicz\u0105ca GK OWE<\/p>\n<p style=\"text-align: right;\">\n","protected":false},"excerpt":{"rendered":"<p>Szanowni Finali\u015bci, Przyjaciele i Sympatycy naszej Olimpiady! Milo nam poinformowa\u0107, \u017ce ju\u017c za kilka dni najlepsi z najlepszych spotykaj\u0105 si\u0119 w Krakowie, na finale centralnym XXXI Olimpiady Wiedzy Ekologicznej. Jest to dla nas wszystkich ogromne \u015bwi\u0119to, bo Koordynatorem tego trudnego przedsi\u0119wzi\u0119cia jest nasz finalista XI i XIII edycji- Pan Piotr Pietrusiak \u2013obecnie Zast\u0119pca Dyrektora Departamentu [&hellip;]<\/p>\n","protected":false},"author":2,"featured_media":0,"comment_status":"open","ping_status":"open","sticky":false,"template":"","format":"standard","meta":{"footnotes":""},"categories":[2],"tags":[],"class_list":["post-358","post","type-post","status-publish","format-standard","hentry","category-aktualnosci"],"_links":{"self":[{"href":"https:\/\/ekoolimpiada.pl\/index.php?rest_route=\/wp\/v2\/posts\/358","targetHints":{"allow":["GET"]}}],"collection":[{"href":"https:\/\/ekoolimpiada.pl\/index.php?rest_route=\/wp\/v2\/posts"}],"about":[{"href":"https:\/\/ekoolimpiada.pl\/index.php?rest_route=\/wp\/v2\/types\/post"}],"author":[{"embeddable":true,"href":"https:\/\/ekoolimpiada.pl\/index.php?rest_route=\/wp\/v2\/users\/2"}],"replies":[{"embeddable":true,"href":"https:\/\/ekoolimpiada.pl\/index.php?rest_route=%2Fwp%2Fv2%2Fcomments&post=358"}],"version-history":[{"count":0,"href":"https:\/\/ekoolimpiada.pl\/index.php?rest_route=\/wp\/v2\/posts\/358\/revisions"}],"wp:attachment":[{"href":"https:\/\/ekoolimpiada.pl\/index.php?rest_route=%2Fwp%2Fv2%2Fmedia&parent=358"}],"wp:term":[{"taxonomy":"category","embeddable":true,"href":"https:\/\/ekoolimpiada.pl\/index.php?rest_route=%2Fwp%2Fv2%2Fcategories&post=358"},{"taxonomy":"post_tag","embeddable":true,"href":"https:\/\/ekoolimpiada.pl\/index.php?rest_route=%2Fwp%2Fv2%2Ftags&post=358"}],"curies":[{"name":"wp","href":"https:\/\/api.w.org\/{rel}","templated":true}]}}