{"id":985,"date":"2021-06-06T00:01:00","date_gmt":"2021-06-05T22:01:00","guid":{"rendered":"http:\/\/ekoolimpiada.net.pl\/?p=985"},"modified":"2021-06-06T00:01:00","modified_gmt":"2021-06-05T22:01:00","slug":"komunikat","status":"publish","type":"post","link":"https:\/\/ekoolimpiada.pl\/?p=985","title":{"rendered":"Komunikat!"},"content":{"rendered":"\n<p class=\"wp-block-paragraph\"><strong>Szanowni Olimpijczycy!<br>Mi\u0142o nam poinformowa\u0107, \u017ce najlepsz\u0105 dziesi\u0105tk\u0105 uczestnik\u00f3w\u00a0 po cz\u0119\u015bci pisemnej fina\u0142u zostali, kwalifikuj\u0105c si\u0119 do cz\u0119\u015bci ustnej w dniu 6 czerwca (niedziela):<\/strong><\/p>\n\n\n\n<p class=\"wp-block-paragraph\"><\/p>\n\n\n\n<p class=\"wp-block-paragraph\"><strong>1. K\u0119dzierska Wiktoria &#8211; woj. \u0142\u00f3dzkie<\/strong><br><strong>2. Cwalina Karol Aleksander &#8211; woj. podlaskie<\/strong><br><strong>3. Jungiewicz Aleksandra &#8211; woj. dolno\u015bl\u0105skie<\/strong><br><strong>4. P\u0105czek Daria &#8211; woj. ma\u0142opolskie<\/strong><br><strong>5. \u015alusarz Konrad &#8211; woj. pomorskie<\/strong><br><strong>6. Brodecki Jaros\u0142aw &#8211; woj. \u0142\u00f3dzkie<\/strong><br><strong>7. Wi\u015bniowski Pawe\u0142 Aleksander &#8211; woj. mazowieckie<\/strong><br><strong>8. Sarnowska Wiktoria &#8211; woj. kujawsko-pomorskie<\/strong><br><strong>9. Piatczyc Paulina &#8211; woj. podkarpackie<\/strong><br><strong>10. Ferenc Klara &#8211; woj. \u015bl\u0105skie<\/strong><br><\/p>\n\n\n\n<p class=\"wp-block-paragraph\"><strong>Gratulujemy serdecznie<\/strong><br><strong>i za wszystkich ju\u017c teraz trzymamy mocno kciuki!<br><\/strong><\/p>\n\n\n\n<p class=\"wp-block-paragraph\"><strong>W imieniu G\u0142\u00f3wnego Komitetu OWE<\/strong><br><strong>Przewodnicz\u0105ca dr Ma\u0142gorzata Falencka-Jab\u0142o\u0144ska<\/strong><\/p>\n","protected":false},"excerpt":{"rendered":"<p>Szanowni Olimpijczycy!Mi\u0142o nam poinformowa\u0107, \u017ce najlepsz\u0105 dziesi\u0105tk\u0105 uczestnik\u00f3w\u00a0 po cz\u0119\u015bci pisemnej fina\u0142u zostali, kwalifikuj\u0105c si\u0119 do cz\u0119\u015bci ustnej w dniu 6 czerwca (niedziela): 1. K\u0119dzierska Wiktoria &#8211; woj. \u0142\u00f3dzkie2. Cwalina Karol Aleksander &#8211; woj. podlaskie3. Jungiewicz Aleksandra &#8211; woj. dolno\u015bl\u0105skie4. P\u0105czek Daria &#8211; woj. ma\u0142opolskie5. \u015alusarz Konrad &#8211; woj. pomorskie6. Brodecki Jaros\u0142aw &#8211; woj. \u0142\u00f3dzkie7. [&hellip;]<\/p>\n","protected":false},"author":1,"featured_media":0,"comment_status":"open","ping_status":"open","sticky":false,"template":"","format":"standard","meta":{"footnotes":""},"categories":[2],"tags":[],"class_list":["post-985","post","type-post","status-publish","format-standard","hentry","category-aktualnosci"],"_links":{"self":[{"href":"https:\/\/ekoolimpiada.pl\/index.php?rest_route=\/wp\/v2\/posts\/985","targetHints":{"allow":["GET"]}}],"collection":[{"href":"https:\/\/ekoolimpiada.pl\/index.php?rest_route=\/wp\/v2\/posts"}],"about":[{"href":"https:\/\/ekoolimpiada.pl\/index.php?rest_route=\/wp\/v2\/types\/post"}],"author":[{"embeddable":true,"href":"https:\/\/ekoolimpiada.pl\/index.php?rest_route=\/wp\/v2\/users\/1"}],"replies":[{"embeddable":true,"href":"https:\/\/ekoolimpiada.pl\/index.php?rest_route=%2Fwp%2Fv2%2Fcomments&post=985"}],"version-history":[{"count":0,"href":"https:\/\/ekoolimpiada.pl\/index.php?rest_route=\/wp\/v2\/posts\/985\/revisions"}],"wp:attachment":[{"href":"https:\/\/ekoolimpiada.pl\/index.php?rest_route=%2Fwp%2Fv2%2Fmedia&parent=985"}],"wp:term":[{"taxonomy":"category","embeddable":true,"href":"https:\/\/ekoolimpiada.pl\/index.php?rest_route=%2Fwp%2Fv2%2Fcategories&post=985"},{"taxonomy":"post_tag","embeddable":true,"href":"https:\/\/ekoolimpiada.pl\/index.php?rest_route=%2Fwp%2Fv2%2Ftags&post=985"}],"curies":[{"name":"wp","href":"https:\/\/api.w.org\/{rel}","templated":true}]}}